{"id":8827,"date":"2022-05-30T21:44:54","date_gmt":"2022-05-30T19:44:54","guid":{"rendered":"https:\/\/hanns-eisler.de\/ausschreibung-internationales-hanns-eisler-stipendium-2023\/"},"modified":"2023-08-26T22:20:28","modified_gmt":"2023-08-26T20:20:28","slug":"ausschreibung-internationales-hanns-eisler-stipendium-2023","status":"publish","type":"post","link":"https:\/\/hanns-eisler.de\/en\/ausschreibung-internationales-hanns-eisler-stipendium-2023\/","title":{"rendered":"Eisler-Stipendium Leipzig geht an Karola Oberm\u00fcller"},"content":{"rendered":"<p>Die namhafte Jury aus Stefan Conradi (Edition Peters), Prof. Stefan Fricke (Hessischer Rundfunk), Annette Schl\u00fcnz (Komponistin) und Prof. Ipke Starke (HMT Leipzig) unter Vorsitz des Komponisten und Pianisten Steffen Schleiermacher w\u00e4hlte sie aus 33 Bewerbungen aus. Karola Oberm\u00fcller \u00fcberzeugte die Jury als erfahrene Komponistin mit einem umfangreichen Werkverzeichnis und einer kontinuierlichen Auff\u00fchrungschronik. Vor allem zeigt sie sich neben einer profunden Kenntnis des Musikbetriebs den dialektischen Denkstrukturen des Komponisten, Musiktheoretikers und Gesellschaftskritikers Hanns Eisler verpflichtet.<\/p>\n<p><a href=\"https:\/\/karolaobermueller.net\/\">Hier geht es zur Webseite der Komponistin<\/a><\/p>\n","protected":false},"excerpt":{"rendered":"<p>Die namhafte Jury aus Stefan Conradi, Stefan Fricke, Annette Schl\u00fcnz und Ipke Starkeunter Vorsitz des Komponisten und Pianisten Steffen Schleiermacher w\u00e4hlte sie aus 33 Bewerbungen aus.<\/p>\n","protected":false},"author":4,"featured_media":8443,"comment_status":"closed","ping_status":"open","sticky":false,"template":"","format":"standard","meta":{"_acf_changed":false,"footnotes":""},"categories":[208],"tags":[],"class_list":["post-8827","post","type-post","status-publish","format-standard","has-post-thumbnail","hentry","category-news"],"acf":[],"_links":{"self":[{"href":"https:\/\/hanns-eisler.de\/en\/wp-json\/wp\/v2\/posts\/8827","targetHints":{"allow":["GET"]}}],"collection":[{"href":"https:\/\/hanns-eisler.de\/en\/wp-json\/wp\/v2\/posts"}],"about":[{"href":"https:\/\/hanns-eisler.de\/en\/wp-json\/wp\/v2\/types\/post"}],"author":[{"embeddable":true,"href":"https:\/\/hanns-eisler.de\/en\/wp-json\/wp\/v2\/users\/4"}],"replies":[{"embeddable":true,"href":"https:\/\/hanns-eisler.de\/en\/wp-json\/wp\/v2\/comments?post=8827"}],"version-history":[{"count":2,"href":"https:\/\/hanns-eisler.de\/en\/wp-json\/wp\/v2\/posts\/8827\/revisions"}],"predecessor-version":[{"id":9573,"href":"https:\/\/hanns-eisler.de\/en\/wp-json\/wp\/v2\/posts\/8827\/revisions\/9573"}],"wp:featuredmedia":[{"embeddable":true,"href":"https:\/\/hanns-eisler.de\/en\/wp-json\/wp\/v2\/media\/8443"}],"wp:attachment":[{"href":"https:\/\/hanns-eisler.de\/en\/wp-json\/wp\/v2\/media?parent=8827"}],"wp:term":[{"taxonomy":"category","embeddable":true,"href":"https:\/\/hanns-eisler.de\/en\/wp-json\/wp\/v2\/categories?post=8827"},{"taxonomy":"post_tag","embeddable":true,"href":"https:\/\/hanns-eisler.de\/en\/wp-json\/wp\/v2\/tags?post=8827"}],"curies":[{"name":"wp","href":"https:\/\/api.w.org\/{rel}","templated":true}]}}